{"id":3010,"date":"2025-09-26T10:53:05","date_gmt":"2025-09-26T08:53:05","guid":{"rendered":"https:\/\/www.arbesovka.cz\/cs\/?p=3010"},"modified":"2025-09-26T10:55:44","modified_gmt":"2025-09-26T08:55:44","slug":"okresni-finale-v-prespolnim-behu-uspech-nasich-sportovcu","status":"publish","type":"post","link":"https:\/\/www.arbesovka.cz\/cs\/okresni-finale-v-prespolnim-behu-uspech-nasich-sportovcu\/","title":{"rendered":"Okresn\u00ed fin\u00e1le v p\u0159espoln\u00edm b\u011bhu \u2013 \u00fasp\u011bch na\u0161ich sportovc\u016f"},"content":{"rendered":"<p>V \u00fater\u00fd 23. 9. se v Jablonci nad Nisou v are\u00e1lu B\u0159\u00edzek na kole\u010dku konalo okresn\u00ed fin\u00e1le \u0161kol v p\u0159espoln\u00edm b\u011bhu. Z\u00fa\u010dastnilo se ho p\u0159ibli\u017en\u011b deset \u0161kol a ve v\u0161ech kategori\u00edch m\u011bla sv\u00e9 z\u00e1stupce i na\u0161e Z\u0160 Arbesova.<\/p>\n<p>Na\u0161e dru\u017estva se mezi silnou konkurenc\u00ed neztratila a dos\u00e1hla v\u00fdborn\u00fdch v\u00fdsledk\u016f:<\/p>\n<ul>\n<li><strong>mlad\u0161\u00ed d\u00edvky<\/strong> obsadily 4. m\u00edsto<\/li>\n<li><strong>star\u0161\u00ed d\u00edvky<\/strong> skon\u010dily na 3. m\u00edst\u011b<\/li>\n<li><strong>mlad\u0161\u00ed chlapci\u00a0<\/strong>vybojovali 1. m\u00edsto<\/li>\n<li><strong>star\u0161\u00ed chlapci\u00a0<\/strong>rovn\u011b\u017e zv\u00edt\u011bzili<\/li>\n<\/ul>\n<p>Ob\u011b chlapeck\u00e1 dru\u017estva si tak zajistila postup do krajsk\u00e9ho fin\u00e1le, kter\u00e9 se uskute\u010dn\u00ed 8. 10. 2025.<\/p>\n<p>Tak\u00e9 v individu\u00e1ln\u00edch v\u00fdsledc\u00edch zaz\u00e1\u0159ili na\u0161i z\u00e1vodn\u00edci \u2013\u00a0<strong>B\u00e1ra Scholzov\u00e1 a J\u00e1chym Pra\u017e\u00e1k<\/strong>, kte\u0159\u00ed ve sv\u00fdch kategori\u00edch dob\u011bhli na skv\u011bl\u00e9m\u00a0<strong>2. m\u00edst\u011b.<\/strong><\/p>\n<p>Gratulujeme v\u0161em reprezentant\u016fm \u0161koly k v\u00fdborn\u00fdm v\u00fdkon\u016fm a dr\u017e\u00edme palce do krajsk\u00e9ho kola!<\/p>\n<div class=\"rl-gallery-container rl-loading\" id=\"rl-gallery-container-1\" data-gallery_id=\"3017\"> <div class=\"rl-gallery rl-basicgrid-gallery \" id=\"rl-gallery-1\" data-gallery_no=\"1\"> <div class=\"rl-gallery-item\"><a href=\"https:\/\/www.arbesovka.cz\/cs\/wp-content\/uploads\/2021\/06\/IMG-20250926-WA0007.jpg\" title=\"\" data-rl_title=\"\" class=\"rl-gallery-link\" data-rl_caption=\"\" data-rel=\"lightbox-gallery-1\"><img loading=\"lazy\" decoding=\"async\" src=\"https:\/\/www.arbesovka.cz\/cs\/wp-content\/uploads\/2021\/06\/IMG-20250926-WA0007-300x169.jpg\" width=\"300\" height=\"169\" alt=\"\" \/><\/a><\/div><div class=\"rl-gallery-item\"><a href=\"https:\/\/www.arbesovka.cz\/cs\/wp-content\/uploads\/2021\/06\/IMG-20250926-WA0006.jpg\" title=\"\" data-rl_title=\"\" class=\"rl-gallery-link\" data-rl_caption=\"\" data-rel=\"lightbox-gallery-1\"><img loading=\"lazy\" decoding=\"async\" src=\"https:\/\/www.arbesovka.cz\/cs\/wp-content\/uploads\/2021\/06\/IMG-20250926-WA0006-300x169.jpg\" width=\"300\" height=\"169\" alt=\"\" \/><\/a><\/div><div class=\"rl-gallery-item\"><a href=\"https:\/\/www.arbesovka.cz\/cs\/wp-content\/uploads\/2021\/06\/IMG-20250926-WA0005.jpg\" title=\"\" data-rl_title=\"\" class=\"rl-gallery-link\" data-rl_caption=\"\" data-rel=\"lightbox-gallery-1\"><img loading=\"lazy\" decoding=\"async\" src=\"https:\/\/www.arbesovka.cz\/cs\/wp-content\/uploads\/2021\/06\/IMG-20250926-WA0005-300x169.jpg\" width=\"300\" height=\"169\" alt=\"\" \/><\/a><\/div><div class=\"rl-gallery-item\"><a href=\"https:\/\/www.arbesovka.cz\/cs\/wp-content\/uploads\/2021\/06\/IMG-20250926-WA0004.jpg\" title=\"\" data-rl_title=\"\" class=\"rl-gallery-link\" data-rl_caption=\"\" data-rel=\"lightbox-gallery-1\"><img loading=\"lazy\" decoding=\"async\" src=\"https:\/\/www.arbesovka.cz\/cs\/wp-content\/uploads\/2021\/06\/IMG-20250926-WA0004-300x169.jpg\" width=\"300\" height=\"169\" alt=\"\" \/><\/a><\/div><div class=\"rl-gallery-item\"><a href=\"https:\/\/www.arbesovka.cz\/cs\/wp-content\/uploads\/2021\/06\/IMG-20250926-WA0003.jpg\" title=\"\" data-rl_title=\"\" class=\"rl-gallery-link\" data-rl_caption=\"\" data-rel=\"lightbox-gallery-1\"><img loading=\"lazy\" decoding=\"async\" src=\"https:\/\/www.arbesovka.cz\/cs\/wp-content\/uploads\/2021\/06\/IMG-20250926-WA0003-300x169.jpg\" width=\"300\" height=\"169\" alt=\"\" \/><\/a><\/div> <\/div> <\/div>\n","protected":false},"excerpt":{"rendered":"<p>V \u00fater\u00fd 23. 9. se v Jablonci nad Nisou v are\u00e1lu B\u0159\u00edzek na kole\u010dku konalo okresn\u00ed<\/p>\n","protected":false},"author":3,"featured_media":3014,"comment_status":"closed","ping_status":"open","sticky":false,"template":"","format":"standard","meta":{"footnotes":""},"categories":[2],"tags":[],"class_list":["post-3010","post","type-post","status-publish","format-standard","has-post-thumbnail","hentry","category-skola","comments-off"],"_links":{"self":[{"href":"https:\/\/www.arbesovka.cz\/cs\/wp-json\/wp\/v2\/posts\/3010","targetHints":{"allow":["GET"]}}],"collection":[{"href":"https:\/\/www.arbesovka.cz\/cs\/wp-json\/wp\/v2\/posts"}],"about":[{"href":"https:\/\/www.arbesovka.cz\/cs\/wp-json\/wp\/v2\/types\/post"}],"author":[{"embeddable":true,"href":"https:\/\/www.arbesovka.cz\/cs\/wp-json\/wp\/v2\/users\/3"}],"replies":[{"embeddable":true,"href":"https:\/\/www.arbesovka.cz\/cs\/wp-json\/wp\/v2\/comments?post=3010"}],"version-history":[{"count":2,"href":"https:\/\/www.arbesovka.cz\/cs\/wp-json\/wp\/v2\/posts\/3010\/revisions"}],"predecessor-version":[{"id":3018,"href":"https:\/\/www.arbesovka.cz\/cs\/wp-json\/wp\/v2\/posts\/3010\/revisions\/3018"}],"wp:featuredmedia":[{"embeddable":true,"href":"https:\/\/www.arbesovka.cz\/cs\/wp-json\/wp\/v2\/media\/3014"}],"wp:attachment":[{"href":"https:\/\/www.arbesovka.cz\/cs\/wp-json\/wp\/v2\/media?parent=3010"}],"wp:term":[{"taxonomy":"category","embeddable":true,"href":"https:\/\/www.arbesovka.cz\/cs\/wp-json\/wp\/v2\/categories?post=3010"},{"taxonomy":"post_tag","embeddable":true,"href":"https:\/\/www.arbesovka.cz\/cs\/wp-json\/wp\/v2\/tags?post=3010"}],"curies":[{"name":"wp","href":"https:\/\/api.w.org\/{rel}","templated":true}]}}