{"id":3365,"date":"2025-12-03T19:16:59","date_gmt":"2025-12-03T18:16:59","guid":{"rendered":"https:\/\/www.arbesovka.cz\/cs\/?p=3365"},"modified":"2025-12-03T19:18:49","modified_gmt":"2025-12-03T18:18:49","slug":"vanocni-trhy-11-12-2025","status":"publish","type":"post","link":"https:\/\/www.arbesovka.cz\/cs\/vanocni-trhy-11-12-2025\/","title":{"rendered":"V\u00e1no\u010dn\u00ed trhy 11. 12. 2025"},"content":{"rendered":"<div class=\"text\">\n<div>\n<p><span xml:lang=\"CS-CZ\">V\u00e1\u017een\u00ed rodi\u010de, \u017e\u00e1ci, p\u0159\u00e1tel\u00e9 Arbesovky,<\/span>\u00a0<\/p>\n<\/div>\n<div>\n<p><span xml:lang=\"CS-CZ\">srde\u010dn\u011b V\u00e1s zveme na\u00a0<\/span><span xml:lang=\"CS-CZ\">V\u00e1no\u010dn\u00ed trhy<\/span><span xml:lang=\"CS-CZ\">, kter\u00e9 se uskute\u010dn\u00ed ve\u00a0<\/span><span xml:lang=\"CS-CZ\">\u010dtvrtek 11. 12. 2025.<\/span>\u00a0<\/p>\n<\/div>\n<div>\n<p><span xml:lang=\"CS-CZ\">Program:<\/span>\u00a0<\/p>\n<\/div>\n<div>\n<p><span xml:lang=\"CS-CZ\">16:00<\/span><span xml:lang=\"CS-CZ\">\u00a0<\/span><span xml:lang=\"CS-CZ\">vystoupen\u00ed \u017e\u00e1k\u016f v<\/span><span xml:lang=\"CS-CZ\">e velk\u00e9 t\u011blocvi\u010dn\u011b<\/span><\/p>\n<p><span xml:lang=\"CS-CZ\">16:30 <\/span><span xml:lang=\"CS-CZ\">\u2013<\/span><span xml:lang=\"CS-CZ\">\u00a017:30<\/span> <span xml:lang=\"CS-CZ\">prodejn\u00ed trhy d\u011btsk\u00fdch v\u00e1no\u010dn\u00edch v\u00fdrobk\u016f na chodb\u00e1ch \u0161koly, drobn\u00e9 ob\u010derstven\u00ed a tradi\u010dn\u00ed \u0159editelsk\u00fd sva\u0159\u00e1k<\/span><\/p>\n<\/div>\n<div>\n<p><span xml:lang=\"CS-CZ\">Na vystoupen\u00ed \u017e\u00e1k\u016f\u00a0v t\u011blocvi\u010dn\u011b\u00a0vch\u00e1zejte do budovy \u0161koly bo\u010dn\u00edm vchodem\u00a0u sportovn\u00edch h\u0159i\u0161\u0165. Tento vchod bude otev\u0159en od 15:45.\u00a0Hlavn\u00ed vchod v 16:30.<\/span>\u00a0<\/p>\n<\/div>\n<div>\n<p><span xml:lang=\"CS-CZ\">P\u0159ij\u010fte s n\u00e1mi pro\u017e\u00edt p\u0159\u00edjemn\u00e9 p\u0159edv\u00e1no\u010dn\u00ed odpoledne, podpo\u0159it \u0161ikovn\u00e9 d\u011bti a u\u017e\u00edt si sv\u00e1te\u010dn\u00ed adventn\u00ed atmosf\u00e9ru.<\/span>\u00a0<\/p>\n<\/div>\n<div>\n<p><span xml:lang=\"CS-CZ\">T\u011b\u0161\u00edme se na V\u00e1s!<\/span>\u00a0<\/p>\n<\/div>\n<div>\n<p><span xml:lang=\"CS-CZ\">Z\u0160 Arbesova<\/span><\/p>\n<div class=\"rl-gallery-container rl-loading\" id=\"rl-gallery-container-1\" data-gallery_id=\"3367\"> <div class=\"rl-gallery rl-basicgrid-gallery \" id=\"rl-gallery-1\" data-gallery_no=\"1\"> <div class=\"rl-gallery-item\"><a href=\"https:\/\/www.arbesovka.cz\/cs\/wp-content\/uploads\/2021\/06\/Vanocni-trhy-pozvanka-rotated.jpg\" title=\"\" data-rl_title=\"\" class=\"rl-gallery-link\" data-rl_caption=\"\" data-rel=\"lightbox-gallery-1\"><img loading=\"lazy\" decoding=\"async\" src=\"https:\/\/www.arbesovka.cz\/cs\/wp-content\/uploads\/2021\/06\/Vanocni-trhy-pozvanka-212x300.jpg\" width=\"212\" height=\"300\" alt=\"\" \/><\/a><\/div> <\/div> <\/div>\n<\/div>\n<\/div>\n","protected":false},"excerpt":{"rendered":"<p>V\u00e1\u017een\u00ed rodi\u010de, \u017e\u00e1ci, p\u0159\u00e1tel\u00e9 Arbesovky,\u00a0 srde\u010dn\u011b V\u00e1s zveme na\u00a0V\u00e1no\u010dn\u00ed trhy, kter\u00e9 se uskute\u010dn\u00ed ve\u00a0\u010dtvrtek 11. 12.<\/p>\n","protected":false},"author":3,"featured_media":3364,"comment_status":"closed","ping_status":"open","sticky":false,"template":"","format":"standard","meta":{"footnotes":""},"categories":[2],"tags":[],"class_list":["post-3365","post","type-post","status-publish","format-standard","has-post-thumbnail","hentry","category-skola","comments-off"],"_links":{"self":[{"href":"https:\/\/www.arbesovka.cz\/cs\/wp-json\/wp\/v2\/posts\/3365","targetHints":{"allow":["GET"]}}],"collection":[{"href":"https:\/\/www.arbesovka.cz\/cs\/wp-json\/wp\/v2\/posts"}],"about":[{"href":"https:\/\/www.arbesovka.cz\/cs\/wp-json\/wp\/v2\/types\/post"}],"author":[{"embeddable":true,"href":"https:\/\/www.arbesovka.cz\/cs\/wp-json\/wp\/v2\/users\/3"}],"replies":[{"embeddable":true,"href":"https:\/\/www.arbesovka.cz\/cs\/wp-json\/wp\/v2\/comments?post=3365"}],"version-history":[{"count":2,"href":"https:\/\/www.arbesovka.cz\/cs\/wp-json\/wp\/v2\/posts\/3365\/revisions"}],"predecessor-version":[{"id":3368,"href":"https:\/\/www.arbesovka.cz\/cs\/wp-json\/wp\/v2\/posts\/3365\/revisions\/3368"}],"wp:featuredmedia":[{"embeddable":true,"href":"https:\/\/www.arbesovka.cz\/cs\/wp-json\/wp\/v2\/media\/3364"}],"wp:attachment":[{"href":"https:\/\/www.arbesovka.cz\/cs\/wp-json\/wp\/v2\/media?parent=3365"}],"wp:term":[{"taxonomy":"category","embeddable":true,"href":"https:\/\/www.arbesovka.cz\/cs\/wp-json\/wp\/v2\/categories?post=3365"},{"taxonomy":"post_tag","embeddable":true,"href":"https:\/\/www.arbesovka.cz\/cs\/wp-json\/wp\/v2\/tags?post=3365"}],"curies":[{"name":"wp","href":"https:\/\/api.w.org\/{rel}","templated":true}]}}