{"id":3375,"date":"2025-12-11T09:12:35","date_gmt":"2025-12-11T08:12:35","guid":{"rendered":"https:\/\/www.arbesovka.cz\/cs\/?p=3375"},"modified":"2025-12-11T09:23:25","modified_gmt":"2025-12-11T08:23:25","slug":"mimoradny-uspech-nasi-zacky-deliberativni-forum-mladeze","status":"publish","type":"post","link":"https:\/\/www.arbesovka.cz\/cs\/mimoradny-uspech-nasi-zacky-deliberativni-forum-mladeze\/","title":{"rendered":"Mimo\u0159\u00e1dn\u00fd \u00fasp\u011bch na\u0161\u00ed \u017ea\u010dky \u2013 Deliberativn\u00ed f\u00f3rum ml\u00e1de\u017ee"},"content":{"rendered":"<p data-start=\"221\" data-end=\"512\">V dnech 29.\u201330. listopadu 2025 se v Krajsk\u00e9 a v\u011bdeck\u00e9 knihovn\u011b v Liberci uskute\u010dnilo Deliberativn\u00ed f\u00f3rum ml\u00e1de\u017ee \u201eRegion pro mlad\u00e9\u201c. Do akce se zapojilo 54 mlad\u00fdch lid\u00ed z Libereck\u00e9ho kraje ve v\u011bku 15 a\u017e 24 let, kte\u0159\u00ed se u\u010dili analyzovat probl\u00e9my, formulovat n\u00e1vrhy \u0159e\u0161en\u00ed a prezentovat je p\u0159\u00edmo politi\u010dk\u00e1m a politik\u016fm z regionu. C\u00edlem bylo zjistit, co mlad\u00e9 tr\u00e1p\u00ed, jak to cht\u011bj\u00ed \u0159e\u0161it a jak jejich hlas m\u016f\u017ee skute\u010dn\u011b ovlivnit ve\u0159ejn\u00e9 rozhodov\u00e1n\u00ed.<\/p>\n<p data-start=\"514\" data-end=\"778\">Na\u0161e \u017ea\u010dka Rubina Roden se stala <strong data-start=\"657\" data-end=\"692\">nejmlad\u0161\u00ed \u00fa\u010dastnic\u00ed cel\u00e9ho f\u00f3ra<\/strong>. Sv\u00e9 m\u00edsto si obh\u00e1jila kvalitn\u00ed argumentac\u00ed, aktivn\u00edm zapojen\u00edm a schopnost\u00ed spolupracovat se star\u0161\u00edmi studenty.<\/p>\n<p data-start=\"780\" data-end=\"1033\">\u00da\u010dastn\u00edci se nejprve u\u010dili pracovat s anal\u00fdzou SVOT (siln\u00e9 str\u00e1nky, slabiny, p\u0159\u00edle\u017eitosti, ohro\u017een\u00ed) a diskutovali o kl\u00ed\u010dov\u00fdch oblastech jako doprava, kultura, volno\u010dasov\u00e9 aktivity, \u0161kolstv\u00ed \u010di v\u00fduka o politice.<\/p>\n<p data-start=\"780\" data-end=\"1033\">Rubina se ujala t\u00e9matu inovace ve \u0161kolstv\u00ed, ke kter\u00e9mu p\u0159istoupila s velk\u00fdm p\u0159ehledem a kreativitou. Ve skupin\u011b p\u0159ipravovala vlastn\u00ed n\u00e1vrhy \u0159e\u0161en\u00ed, kter\u00e9 pak prezentovala p\u0159\u00edmo politik\u016fm a politi\u010dk\u00e1m z regionu, v\u010detn\u011b poslankyn\u011b Barto\u0161ov\u00e9.<\/p>\n<p data-start=\"780\" data-end=\"1033\">Deliberativn\u00ed f\u00f3rum ml\u00e1de\u017ee nab\u00edz\u00ed mlad\u00fdm lidem re\u00e1ln\u00fd prostor pro zapojen\u00ed do ve\u0159ejn\u00e9 debaty a rozv\u00edjen\u00ed ob\u010dansk\u00fdch schopnost\u00ed. Rubina svou schopnost\u00ed argumentace a prezentace obst\u00e1la i mezi star\u0161\u00edmi \u00fa\u010dastn\u00edky a odborn\u00edky, co\u017e je obdivuhodn\u00fd v\u00fdkon.<\/p>\n<p data-start=\"1035\" data-end=\"1161\">Gratulujeme k tomuto v\u00fdrazn\u00e9mu \u00fasp\u011bchu a p\u0159ejeme mnoho dal\u0161\u00edch inspirativn\u00edch zku\u0161enost\u00ed i odvahu prosazovat vlastn\u00ed my\u0161lenky ve sv\u011bt\u011b.<\/p>\n<p data-start=\"1035\" data-end=\"1161\"><div class=\"rl-gallery-container rl-loading\" id=\"rl-gallery-container-1\" data-gallery_id=\"3374\"> <div class=\"rl-gallery rl-basicgrid-gallery \" id=\"rl-gallery-1\" data-gallery_no=\"1\"> <div class=\"rl-gallery-item\"><a href=\"https:\/\/www.arbesovka.cz\/cs\/wp-content\/uploads\/2021\/06\/jested.jpg\" title=\"\" data-rl_title=\"\" class=\"rl-gallery-link\" data-rl_caption=\"\" data-rel=\"lightbox-gallery-1\"><img loading=\"lazy\" decoding=\"async\" src=\"https:\/\/www.arbesovka.cz\/cs\/wp-content\/uploads\/2021\/06\/jested-300x204.jpg\" width=\"300\" height=\"204\" alt=\"\" \/><\/a><\/div> <\/div> <\/div><\/p>\n","protected":false},"excerpt":{"rendered":"<p>V dnech 29.\u201330. listopadu 2025 se v Krajsk\u00e9 a v\u011bdeck\u00e9 knihovn\u011b v Liberci uskute\u010dnilo Deliberativn\u00ed f\u00f3rum<\/p>\n","protected":false},"author":3,"featured_media":3373,"comment_status":"closed","ping_status":"open","sticky":false,"template":"","format":"standard","meta":{"footnotes":""},"categories":[208,2],"tags":[],"class_list":["post-3375","post","type-post","status-publish","format-standard","has-post-thumbnail","hentry","category-9-b-tridy","category-skola","comments-off"],"_links":{"self":[{"href":"https:\/\/www.arbesovka.cz\/cs\/wp-json\/wp\/v2\/posts\/3375","targetHints":{"allow":["GET"]}}],"collection":[{"href":"https:\/\/www.arbesovka.cz\/cs\/wp-json\/wp\/v2\/posts"}],"about":[{"href":"https:\/\/www.arbesovka.cz\/cs\/wp-json\/wp\/v2\/types\/post"}],"author":[{"embeddable":true,"href":"https:\/\/www.arbesovka.cz\/cs\/wp-json\/wp\/v2\/users\/3"}],"replies":[{"embeddable":true,"href":"https:\/\/www.arbesovka.cz\/cs\/wp-json\/wp\/v2\/comments?post=3375"}],"version-history":[{"count":7,"href":"https:\/\/www.arbesovka.cz\/cs\/wp-json\/wp\/v2\/posts\/3375\/revisions"}],"predecessor-version":[{"id":3419,"href":"https:\/\/www.arbesovka.cz\/cs\/wp-json\/wp\/v2\/posts\/3375\/revisions\/3419"}],"wp:featuredmedia":[{"embeddable":true,"href":"https:\/\/www.arbesovka.cz\/cs\/wp-json\/wp\/v2\/media\/3373"}],"wp:attachment":[{"href":"https:\/\/www.arbesovka.cz\/cs\/wp-json\/wp\/v2\/media?parent=3375"}],"wp:term":[{"taxonomy":"category","embeddable":true,"href":"https:\/\/www.arbesovka.cz\/cs\/wp-json\/wp\/v2\/categories?post=3375"},{"taxonomy":"post_tag","embeddable":true,"href":"https:\/\/www.arbesovka.cz\/cs\/wp-json\/wp\/v2\/tags?post=3375"}],"curies":[{"name":"wp","href":"https:\/\/api.w.org\/{rel}","templated":true}]}}