{"id":3804,"date":"2026-04-01T09:31:44","date_gmt":"2026-04-01T07:31:44","guid":{"rendered":"https:\/\/www.arbesovka.cz\/cs\/?p=3804"},"modified":"2026-04-13T07:16:41","modified_gmt":"2026-04-13T05:16:41","slug":"pozvanka-na-talentove-zkousky-do-sportovnich-trid","status":"publish","type":"post","link":"https:\/\/www.arbesovka.cz\/cs\/pozvanka-na-talentove-zkousky-do-sportovnich-trid\/","title":{"rendered":"Pozv\u00e1nka na Talentov\u00e9 zkou\u0161ky do sportovn\u00edch t\u0159\u00edd"},"content":{"rendered":"<p>Z\u00e1kladn\u00ed \u0161kola Arbesova srde\u010dn\u011b zve v\u0161echny z\u00e1jemce o studium ve sportovn\u00edch t\u0159\u00edd\u00e1ch na \u0161koln\u00ed rok 2026\/2027 k \u00fa\u010dasti na Talentov\u00fdch zkou\u0161k\u00e1ch.<\/p>\n<p>Term\u00edn kon\u00e1n\u00ed: <strong>16.4.2026 <\/strong>od<strong> 13:00 <\/strong>hodin<\/p>\n<p>M\u00edsto: sportovn\u00ed h\u0159i\u0161t\u011b \u0161koly, okol\u00ed \u0161koly, t\u011blocvi\u010dna \u0161koly<\/p>\n<p>Pro koho jsou zkou\u0161ky ur\u010deny:<\/p>\n<ul>\n<li>pro \u017e\u00e1ky 5. ro\u010dn\u00edk\u016f<\/li>\n<li>pro d\u011bti se z\u00e1jmem o sport, v\u0161estrann\u00fd pohyb a aktivn\u00ed \u017eivotn\u00ed styl<\/li>\n<\/ul>\n<p>Co zkou\u0161ky obn\u00e1\u0161ej\u00ed:<\/p>\n<ul>\n<li>motorick\u00e9 testy (b\u011bh na 60 metr\u016f, skok z\u00a0m\u00edsta, vytrvalostn\u00ed b\u011bh \u2013 cca 1 km \u2013 kolem 2. jabloneck\u00e9 p\u0159ehrady)<\/li>\n<li>kr\u00e1tk\u00fd rozhovor o motivaci a sportovn\u00ed historii d\u00edt\u011bte<\/li>\n<\/ul>\n<p>Co s sebou:<\/p>\n<ul>\n<li>sportovn\u00ed oble\u010den\u00ed a obuv (na ven i do t\u011blocvi\u010dny), v\u00a0p\u0159\u00edpad\u011b nep\u0159\u00edzniv\u00e9ho po\u010das\u00ed se talentov\u00e9 zkou\u0161ky budou konat v\u00a0t\u011blocvi\u010dn\u011b \u0161koly<\/li>\n<li>l\u00e1hev s pit\u00edm<\/li>\n<\/ul>\n<p>Po\u010det voln\u00fdch m\u00edst je omezen\u00fd.<\/p>\n<p>T\u011b\u0161\u00edme se na v\u0161echny sportovn\u00ed nad\u0161ence!<\/p>\n","protected":false},"excerpt":{"rendered":"<p>Z\u00e1kladn\u00ed \u0161kola Arbesova srde\u010dn\u011b zve v\u0161echny z\u00e1jemce o studium ve sportovn\u00edch t\u0159\u00edd\u00e1ch na \u0161koln\u00ed rok 2026\/2027<\/p>\n","protected":false},"author":1,"featured_media":205,"comment_status":"closed","ping_status":"open","sticky":true,"template":"","format":"standard","meta":{"footnotes":""},"categories":[2],"tags":[],"class_list":["post-3804","post","type-post","status-publish","format-standard","has-post-thumbnail","hentry","category-skola","comments-off"],"_links":{"self":[{"href":"https:\/\/www.arbesovka.cz\/cs\/wp-json\/wp\/v2\/posts\/3804","targetHints":{"allow":["GET"]}}],"collection":[{"href":"https:\/\/www.arbesovka.cz\/cs\/wp-json\/wp\/v2\/posts"}],"about":[{"href":"https:\/\/www.arbesovka.cz\/cs\/wp-json\/wp\/v2\/types\/post"}],"author":[{"embeddable":true,"href":"https:\/\/www.arbesovka.cz\/cs\/wp-json\/wp\/v2\/users\/1"}],"replies":[{"embeddable":true,"href":"https:\/\/www.arbesovka.cz\/cs\/wp-json\/wp\/v2\/comments?post=3804"}],"version-history":[{"count":1,"href":"https:\/\/www.arbesovka.cz\/cs\/wp-json\/wp\/v2\/posts\/3804\/revisions"}],"predecessor-version":[{"id":3805,"href":"https:\/\/www.arbesovka.cz\/cs\/wp-json\/wp\/v2\/posts\/3804\/revisions\/3805"}],"wp:featuredmedia":[{"embeddable":true,"href":"https:\/\/www.arbesovka.cz\/cs\/wp-json\/wp\/v2\/media\/205"}],"wp:attachment":[{"href":"https:\/\/www.arbesovka.cz\/cs\/wp-json\/wp\/v2\/media?parent=3804"}],"wp:term":[{"taxonomy":"category","embeddable":true,"href":"https:\/\/www.arbesovka.cz\/cs\/wp-json\/wp\/v2\/categories?post=3804"},{"taxonomy":"post_tag","embeddable":true,"href":"https:\/\/www.arbesovka.cz\/cs\/wp-json\/wp\/v2\/tags?post=3804"}],"curies":[{"name":"wp","href":"https:\/\/api.w.org\/{rel}","templated":true}]}}