{"id":3840,"date":"2026-04-08T10:33:13","date_gmt":"2026-04-08T08:33:13","guid":{"rendered":"https:\/\/www.arbesovka.cz\/cs\/?p=3840"},"modified":"2026-04-07T16:35:04","modified_gmt":"2026-04-07T14:35:04","slug":"2-kolo-atleticke-ligy","status":"publish","type":"post","link":"https:\/\/www.arbesovka.cz\/cs\/2-kolo-atleticke-ligy\/","title":{"rendered":"2. kolo atletick\u00e9 ligy"},"content":{"rendered":"<p data-start=\"149\" data-end=\"320\">Ve dnech 24.\u201325. b\u0159ezna 2026 se v jabloneck\u00e9 hale na St\u0159elnici uskute\u010dnilo druh\u00e9 kolo \u017e\u00e1kovsk\u00e9 atletick\u00e9 ligy. Z\u00fa\u010dastnilo se ho 12 \u0161kol z cel\u00e9ho okresu Jablonec nad Nisou.<\/p>\n<h3 data-section-id=\"peffvs\" data-start=\"322\" data-end=\"343\">V\u00fdsledky dru\u017estev<\/h3>\n<p data-start=\"345\" data-end=\"557\">Na\u0161e \u0161kola m\u011bla siln\u00e9 zastoupen\u00ed a v\u0161echna dru\u017estva se um\u00edstila na stupn\u00edch v\u00edt\u011bz\u016f, co\u017e je v\u00fdrazn\u00fd \u00fasp\u011bch. Mlad\u0161\u00ed d\u00edvky obsadily 2. m\u00edsto, mlad\u0161\u00ed chlapci 3. m\u00edsto, star\u0161\u00ed d\u00edvky 2. m\u00edsto a star\u0161\u00ed chlapci 3. m\u00edsto.<\/p>\n<h3 data-section-id=\"ak5ujs\" data-start=\"559\" data-end=\"592\">Celkov\u00e9 po\u0159ad\u00ed po dvou kolech<\/h3>\n<p data-start=\"594\" data-end=\"725\">Po dvou kolech se mlad\u0161\u00ed d\u00edvky dr\u017e\u00ed na 1. m\u00edst\u011b, mlad\u0161\u00ed chlapci na 3. m\u00edst\u011b, star\u0161\u00ed d\u00edvky na 2. m\u00edst\u011b a star\u0161\u00ed chlapci na 6. m\u00edst\u011b.<\/p>\n<h3 data-section-id=\"jjk0ws\" data-start=\"727\" data-end=\"751\">Individu\u00e1ln\u00ed \u00fasp\u011bchy<\/h3>\n<p data-start=\"753\" data-end=\"912\">V kategorii mlad\u0161\u00edch d\u00edvek z\u00edskala Helena Imrichov\u00e1 2. m\u00edsto v b\u011bhu na 800 metr\u016f a 3. m\u00edsto v b\u011bhu na 60 metr\u016f. Elena Je\u010dn\u00e1 obsadila 3. m\u00edsto ve skoku dalek\u00e9m.<\/p>\n<p data-start=\"914\" data-end=\"1047\">Mezi mlad\u0161\u00edmi chlapci se \u0160t\u011bp\u00e1n Str\u00e1nsk\u00fd um\u00edstil na 3. m\u00edst\u011b v b\u011bhu na 800 metr\u016f a Mat\u011bj Holub vybojoval 2. m\u00edsto v b\u011bhu na 60 metr\u016f.<\/p>\n<p data-start=\"1049\" data-end=\"1176\">Ve star\u0161\u00edch d\u00edvk\u00e1ch zv\u00edt\u011bzila B\u00e1ra Scholzov\u00e1 v b\u011bhu na 1500 metr\u016f a Karol\u00edna He\u0159m\u00e1nkov\u00e1 ve stejn\u00e9 discipl\u00edn\u011b obsadila 3. m\u00edsto.<\/p>\n<p data-start=\"1178\" data-end=\"1253\">V kategorii star\u0161\u00edch chlapc\u016f z\u00edskal Adam Bojanovsk\u00fd 2. m\u00edsto ve vrhu koul\u00ed.<\/p>\n<p data-start=\"1255\" data-end=\"1324\">V\u0161em z\u00e1vodn\u00edk\u016fm gratulujeme a d\u011bkujeme za vzornou reprezentaci \u0161koly.<\/p>\n<div class=\"rl-gallery-container rl-loading\" id=\"rl-gallery-container-1\" data-gallery_id=\"3830\"> <div class=\"rl-gallery rl-basicgrid-gallery \" id=\"rl-gallery-1\" data-gallery_no=\"1\"> <div class=\"rl-gallery-item\"><a href=\"https:\/\/www.arbesovka.cz\/cs\/wp-content\/uploads\/2021\/06\/IMG-20260327-WA00071.jpg\" title=\"\" data-rl_title=\"\" class=\"rl-gallery-link\" data-rl_caption=\"\" data-rel=\"lightbox-gallery-1\"><img loading=\"lazy\" decoding=\"async\" src=\"https:\/\/www.arbesovka.cz\/cs\/wp-content\/uploads\/2021\/06\/IMG-20260327-WA00071-300x225.jpg\" width=\"300\" height=\"225\" alt=\"\" \/><\/a><\/div><div class=\"rl-gallery-item\"><a href=\"https:\/\/www.arbesovka.cz\/cs\/wp-content\/uploads\/2021\/06\/IMG-20260327-WA00061.jpg\" title=\"\" data-rl_title=\"\" class=\"rl-gallery-link\" data-rl_caption=\"\" data-rel=\"lightbox-gallery-1\"><img loading=\"lazy\" decoding=\"async\" src=\"https:\/\/www.arbesovka.cz\/cs\/wp-content\/uploads\/2021\/06\/IMG-20260327-WA00061-300x225.jpg\" width=\"300\" height=\"225\" alt=\"\" \/><\/a><\/div><div class=\"rl-gallery-item\"><a href=\"https:\/\/www.arbesovka.cz\/cs\/wp-content\/uploads\/2021\/06\/IMG-20260327-WA0005.jpg\" title=\"\" data-rl_title=\"\" class=\"rl-gallery-link\" data-rl_caption=\"\" data-rel=\"lightbox-gallery-1\"><img loading=\"lazy\" decoding=\"async\" src=\"https:\/\/www.arbesovka.cz\/cs\/wp-content\/uploads\/2021\/06\/IMG-20260327-WA0005-300x225.jpg\" width=\"300\" height=\"225\" alt=\"\" \/><\/a><\/div><div class=\"rl-gallery-item\"><a href=\"https:\/\/www.arbesovka.cz\/cs\/wp-content\/uploads\/2021\/06\/IMG-20260327-WA0004.jpg\" title=\"\" data-rl_title=\"\" class=\"rl-gallery-link\" data-rl_caption=\"\" data-rel=\"lightbox-gallery-1\"><img loading=\"lazy\" decoding=\"async\" src=\"https:\/\/www.arbesovka.cz\/cs\/wp-content\/uploads\/2021\/06\/IMG-20260327-WA0004-300x225.jpg\" width=\"300\" height=\"225\" alt=\"\" \/><\/a><\/div><div class=\"rl-gallery-item\"><a href=\"https:\/\/www.arbesovka.cz\/cs\/wp-content\/uploads\/2021\/06\/IMG-20260327-WA00031.jpg\" title=\"\" data-rl_title=\"\" class=\"rl-gallery-link\" data-rl_caption=\"\" data-rel=\"lightbox-gallery-1\"><img loading=\"lazy\" decoding=\"async\" src=\"https:\/\/www.arbesovka.cz\/cs\/wp-content\/uploads\/2021\/06\/IMG-20260327-WA00031-300x225.jpg\" width=\"300\" height=\"225\" alt=\"\" \/><\/a><\/div><div class=\"rl-gallery-item\"><a href=\"https:\/\/www.arbesovka.cz\/cs\/wp-content\/uploads\/2021\/06\/IMG-20260327-WA00021.jpg\" title=\"\" data-rl_title=\"\" class=\"rl-gallery-link\" data-rl_caption=\"\" data-rel=\"lightbox-gallery-1\"><img loading=\"lazy\" decoding=\"async\" src=\"https:\/\/www.arbesovka.cz\/cs\/wp-content\/uploads\/2021\/06\/IMG-20260327-WA00021-300x225.jpg\" width=\"300\" height=\"225\" alt=\"\" \/><\/a><\/div><div class=\"rl-gallery-item\"><a href=\"https:\/\/www.arbesovka.cz\/cs\/wp-content\/uploads\/2021\/06\/20260325_135800-scaled.jpg\" title=\"\" data-rl_title=\"\" class=\"rl-gallery-link\" data-rl_caption=\"\" data-rel=\"lightbox-gallery-1\"><img loading=\"lazy\" decoding=\"async\" src=\"https:\/\/www.arbesovka.cz\/cs\/wp-content\/uploads\/2021\/06\/20260325_135800-300x169.jpg\" width=\"300\" height=\"169\" alt=\"\" \/><\/a><\/div><div class=\"rl-gallery-item\"><a href=\"https:\/\/www.arbesovka.cz\/cs\/wp-content\/uploads\/2021\/06\/20260325_1353303-scaled.jpg\" title=\"\" data-rl_title=\"\" class=\"rl-gallery-link\" data-rl_caption=\"\" data-rel=\"lightbox-gallery-1\"><img loading=\"lazy\" decoding=\"async\" src=\"https:\/\/www.arbesovka.cz\/cs\/wp-content\/uploads\/2021\/06\/20260325_1353303-300x169.jpg\" width=\"300\" height=\"169\" alt=\"\" \/><\/a><\/div><div class=\"rl-gallery-item\"><a href=\"https:\/\/www.arbesovka.cz\/cs\/wp-content\/uploads\/2021\/06\/20260325_134800-scaled.jpg\" title=\"\" data-rl_title=\"\" class=\"rl-gallery-link\" data-rl_caption=\"\" data-rel=\"lightbox-gallery-1\"><img loading=\"lazy\" decoding=\"async\" src=\"https:\/\/www.arbesovka.cz\/cs\/wp-content\/uploads\/2021\/06\/20260325_134800-300x169.jpg\" width=\"300\" height=\"169\" alt=\"\" \/><\/a><\/div><div class=\"rl-gallery-item\"><a href=\"https:\/\/www.arbesovka.cz\/cs\/wp-content\/uploads\/2021\/06\/20260325_132630-scaled.jpg\" title=\"\" data-rl_title=\"\" class=\"rl-gallery-link\" data-rl_caption=\"\" data-rel=\"lightbox-gallery-1\"><img loading=\"lazy\" decoding=\"async\" src=\"https:\/\/www.arbesovka.cz\/cs\/wp-content\/uploads\/2021\/06\/20260325_132630-300x169.jpg\" width=\"300\" height=\"169\" alt=\"\" \/><\/a><\/div> <\/div> <\/div>\n","protected":false},"excerpt":{"rendered":"<p>Ve dnech 24.\u201325. b\u0159ezna 2026 se v jabloneck\u00e9 hale na St\u0159elnici uskute\u010dnilo druh\u00e9 kolo \u017e\u00e1kovsk\u00e9 atletick\u00e9<\/p>\n","protected":false},"author":3,"featured_media":3839,"comment_status":"closed","ping_status":"open","sticky":false,"template":"","format":"standard","meta":{"footnotes":""},"categories":[2],"tags":[],"class_list":["post-3840","post","type-post","status-publish","format-standard","has-post-thumbnail","hentry","category-skola","comments-off"],"_links":{"self":[{"href":"https:\/\/www.arbesovka.cz\/cs\/wp-json\/wp\/v2\/posts\/3840","targetHints":{"allow":["GET"]}}],"collection":[{"href":"https:\/\/www.arbesovka.cz\/cs\/wp-json\/wp\/v2\/posts"}],"about":[{"href":"https:\/\/www.arbesovka.cz\/cs\/wp-json\/wp\/v2\/types\/post"}],"author":[{"embeddable":true,"href":"https:\/\/www.arbesovka.cz\/cs\/wp-json\/wp\/v2\/users\/3"}],"replies":[{"embeddable":true,"href":"https:\/\/www.arbesovka.cz\/cs\/wp-json\/wp\/v2\/comments?post=3840"}],"version-history":[{"count":1,"href":"https:\/\/www.arbesovka.cz\/cs\/wp-json\/wp\/v2\/posts\/3840\/revisions"}],"predecessor-version":[{"id":3841,"href":"https:\/\/www.arbesovka.cz\/cs\/wp-json\/wp\/v2\/posts\/3840\/revisions\/3841"}],"wp:featuredmedia":[{"embeddable":true,"href":"https:\/\/www.arbesovka.cz\/cs\/wp-json\/wp\/v2\/media\/3839"}],"wp:attachment":[{"href":"https:\/\/www.arbesovka.cz\/cs\/wp-json\/wp\/v2\/media?parent=3840"}],"wp:term":[{"taxonomy":"category","embeddable":true,"href":"https:\/\/www.arbesovka.cz\/cs\/wp-json\/wp\/v2\/categories?post=3840"},{"taxonomy":"post_tag","embeddable":true,"href":"https:\/\/www.arbesovka.cz\/cs\/wp-json\/wp\/v2\/tags?post=3840"}],"curies":[{"name":"wp","href":"https:\/\/api.w.org\/{rel}","templated":true}]}}