{"id":3885,"date":"2026-04-10T16:20:26","date_gmt":"2026-04-10T14:20:26","guid":{"rendered":"https:\/\/www.arbesovka.cz\/cs\/?p=3885"},"modified":"2026-04-10T16:40:30","modified_gmt":"2026-04-10T14:40:30","slug":"svetovy-den-zab-se-4-a","status":"publish","type":"post","link":"https:\/\/www.arbesovka.cz\/cs\/svetovy-den-zab-se-4-a\/","title":{"rendered":"Sv\u011btov\u00fd den \u017eab se 4.A"},"content":{"rendered":"<p><span style=\"color: #000000;\"><span style=\"font-family: Arial, serif;\"><span style=\"font-size: medium;\"><span lang=\"cs-CZ\">Den zv\u00ed\u0159at se slav\u00ed 4.10., ale my si zpest\u0159ili v\u00fduku \u017eabkami, kter\u00e9 slav\u00ed sv\u016fj den 20.3.<\/span><\/span><\/span><\/span><\/p>\n<div class=\"rl-gallery-container rl-loading\" id=\"rl-gallery-container-1\" data-gallery_id=\"3884\"> <div class=\"rl-gallery rl-basicgrid-gallery \" id=\"rl-gallery-1\" data-gallery_no=\"1\"> <div class=\"rl-gallery-item\"><a href=\"https:\/\/www.arbesovka.cz\/cs\/wp-content\/uploads\/2021\/06\/e4311346-0e42-48a8-b994-fd18d032230f.jpeg\" title=\"\" data-rl_title=\"\" class=\"rl-gallery-link\" data-rl_caption=\"\" data-rel=\"lightbox-gallery-1\"><img loading=\"lazy\" decoding=\"async\" src=\"https:\/\/www.arbesovka.cz\/cs\/wp-content\/uploads\/2021\/06\/e4311346-0e42-48a8-b994-fd18d032230f-183x300.jpeg\" width=\"183\" height=\"300\" alt=\"\" \/><\/a><\/div><div class=\"rl-gallery-item\"><a href=\"https:\/\/www.arbesovka.cz\/cs\/wp-content\/uploads\/2021\/06\/bc761cff-004d-4d8a-b34d-13977368cb7d.jpeg\" title=\"\" data-rl_title=\"\" class=\"rl-gallery-link\" data-rl_caption=\"\" data-rel=\"lightbox-gallery-1\"><img loading=\"lazy\" decoding=\"async\" src=\"https:\/\/www.arbesovka.cz\/cs\/wp-content\/uploads\/2021\/06\/bc761cff-004d-4d8a-b34d-13977368cb7d-300x289.jpeg\" width=\"300\" height=\"289\" alt=\"\" \/><\/a><\/div><div class=\"rl-gallery-item\"><a href=\"https:\/\/www.arbesovka.cz\/cs\/wp-content\/uploads\/2021\/06\/7acd30e5-2e97-4be5-af19-6d15cbc534c7.jpeg\" title=\"\" data-rl_title=\"\" class=\"rl-gallery-link\" data-rl_caption=\"\" data-rel=\"lightbox-gallery-1\"><img loading=\"lazy\" decoding=\"async\" src=\"https:\/\/www.arbesovka.cz\/cs\/wp-content\/uploads\/2021\/06\/7acd30e5-2e97-4be5-af19-6d15cbc534c7-300x254.jpeg\" width=\"300\" height=\"254\" alt=\"\" \/><\/a><\/div> <\/div> <\/div>\n","protected":false},"excerpt":{"rendered":"<p>Den zv\u00ed\u0159at se slav\u00ed 4.10., ale my si zpest\u0159ili v\u00fduku \u017eabkami, kter\u00e9 slav\u00ed sv\u016fj den 20.3.<\/p>\n","protected":false},"author":3,"featured_media":3883,"comment_status":"closed","ping_status":"open","sticky":false,"template":"","format":"standard","meta":{"footnotes":""},"categories":[197,2],"tags":[],"class_list":["post-3885","post","type-post","status-publish","format-standard","has-post-thumbnail","hentry","category-4-a","category-skola","comments-off"],"_links":{"self":[{"href":"https:\/\/www.arbesovka.cz\/cs\/wp-json\/wp\/v2\/posts\/3885","targetHints":{"allow":["GET"]}}],"collection":[{"href":"https:\/\/www.arbesovka.cz\/cs\/wp-json\/wp\/v2\/posts"}],"about":[{"href":"https:\/\/www.arbesovka.cz\/cs\/wp-json\/wp\/v2\/types\/post"}],"author":[{"embeddable":true,"href":"https:\/\/www.arbesovka.cz\/cs\/wp-json\/wp\/v2\/users\/3"}],"replies":[{"embeddable":true,"href":"https:\/\/www.arbesovka.cz\/cs\/wp-json\/wp\/v2\/comments?post=3885"}],"version-history":[{"count":1,"href":"https:\/\/www.arbesovka.cz\/cs\/wp-json\/wp\/v2\/posts\/3885\/revisions"}],"predecessor-version":[{"id":3886,"href":"https:\/\/www.arbesovka.cz\/cs\/wp-json\/wp\/v2\/posts\/3885\/revisions\/3886"}],"wp:featuredmedia":[{"embeddable":true,"href":"https:\/\/www.arbesovka.cz\/cs\/wp-json\/wp\/v2\/media\/3883"}],"wp:attachment":[{"href":"https:\/\/www.arbesovka.cz\/cs\/wp-json\/wp\/v2\/media?parent=3885"}],"wp:term":[{"taxonomy":"category","embeddable":true,"href":"https:\/\/www.arbesovka.cz\/cs\/wp-json\/wp\/v2\/categories?post=3885"},{"taxonomy":"post_tag","embeddable":true,"href":"https:\/\/www.arbesovka.cz\/cs\/wp-json\/wp\/v2\/tags?post=3885"}],"curies":[{"name":"wp","href":"https:\/\/api.w.org\/{rel}","templated":true}]}}