{"id":4113,"date":"2026-04-23T10:32:21","date_gmt":"2026-04-23T08:32:21","guid":{"rendered":"https:\/\/www.arbesovka.cz\/cs\/?p=4113"},"modified":"2026-04-23T10:32:31","modified_gmt":"2026-04-23T08:32:31","slug":"divadelni-predstaveni-zus-dvojcata","status":"publish","type":"post","link":"https:\/\/www.arbesovka.cz\/cs\/divadelni-predstaveni-zus-dvojcata\/","title":{"rendered":"Divadeln\u00ed p\u0159edstaven\u00ed ZU\u0160 \u2013 DVOJ\u010cATA"},"content":{"rendered":"<p>Dne 1.4. \u017e\u00e1ci 7.B spolu s\u00a0dal\u0161\u00edmi spolu\u017e\u00e1ky na\u0161\u00ed \u0161koly nav\u0161t\u00edvili M\u011bstsk\u00e9 divadlo v\u00a0Jablonci nad Nisou, aby zhl\u00e9dli, co v\u0161echno dok\u00e1\u017e\u00ed jejich kamar\u00e1di nav\u0161t\u011bvuj\u00edc\u00ed ZU\u0160 v\u00a0Jablonci \u010di Liberci. Muzik\u00e1l DVOJ\u010cATA ukazuje \u010dinnost um\u011bleck\u00fdch \u0161kol na pozad\u00ed historie \u010cesk\u00e9 republiky.<\/p>\n<div class=\"rl-gallery-container rl-loading\" id=\"rl-gallery-container-1\" data-gallery_id=\"4112\"> <div class=\"rl-gallery rl-basicgrid-gallery \" id=\"rl-gallery-1\" data-gallery_no=\"1\"> <div class=\"rl-gallery-item\"><a href=\"https:\/\/www.arbesovka.cz\/cs\/wp-content\/uploads\/2021\/06\/20260402_105911-scaled.jpg\" title=\"\" data-rl_title=\"\" class=\"rl-gallery-link\" data-rl_caption=\"\" data-rel=\"lightbox-gallery-1\"><img loading=\"lazy\" decoding=\"async\" src=\"https:\/\/www.arbesovka.cz\/cs\/wp-content\/uploads\/2021\/06\/20260402_105911-300x225.jpg\" width=\"300\" height=\"225\" alt=\"\" \/><\/a><\/div><div class=\"rl-gallery-item\"><a href=\"https:\/\/www.arbesovka.cz\/cs\/wp-content\/uploads\/2021\/06\/20260401_120035-scaled.jpg\" title=\"\" data-rl_title=\"\" class=\"rl-gallery-link\" data-rl_caption=\"\" data-rel=\"lightbox-gallery-1\"><img loading=\"lazy\" decoding=\"async\" src=\"https:\/\/www.arbesovka.cz\/cs\/wp-content\/uploads\/2021\/06\/20260401_120035-300x225.jpg\" width=\"300\" height=\"225\" alt=\"\" \/><\/a><\/div> <\/div> <\/div>\n","protected":false},"excerpt":{"rendered":"<p>Dne 1.4. \u017e\u00e1ci 7.B spolu s\u00a0dal\u0161\u00edmi spolu\u017e\u00e1ky na\u0161\u00ed \u0161koly nav\u0161t\u00edvili M\u011bstsk\u00e9 divadlo v\u00a0Jablonci nad Nisou, aby<\/p>\n","protected":false},"author":3,"featured_media":4111,"comment_status":"closed","ping_status":"open","sticky":false,"template":"","format":"standard","meta":{"footnotes":""},"categories":[204,2],"tags":[],"class_list":["post-4113","post","type-post","status-publish","format-standard","has-post-thumbnail","hentry","category-7-b","category-skola","comments-off"],"_links":{"self":[{"href":"https:\/\/www.arbesovka.cz\/cs\/wp-json\/wp\/v2\/posts\/4113","targetHints":{"allow":["GET"]}}],"collection":[{"href":"https:\/\/www.arbesovka.cz\/cs\/wp-json\/wp\/v2\/posts"}],"about":[{"href":"https:\/\/www.arbesovka.cz\/cs\/wp-json\/wp\/v2\/types\/post"}],"author":[{"embeddable":true,"href":"https:\/\/www.arbesovka.cz\/cs\/wp-json\/wp\/v2\/users\/3"}],"replies":[{"embeddable":true,"href":"https:\/\/www.arbesovka.cz\/cs\/wp-json\/wp\/v2\/comments?post=4113"}],"version-history":[{"count":2,"href":"https:\/\/www.arbesovka.cz\/cs\/wp-json\/wp\/v2\/posts\/4113\/revisions"}],"predecessor-version":[{"id":4115,"href":"https:\/\/www.arbesovka.cz\/cs\/wp-json\/wp\/v2\/posts\/4113\/revisions\/4115"}],"wp:featuredmedia":[{"embeddable":true,"href":"https:\/\/www.arbesovka.cz\/cs\/wp-json\/wp\/v2\/media\/4111"}],"wp:attachment":[{"href":"https:\/\/www.arbesovka.cz\/cs\/wp-json\/wp\/v2\/media?parent=4113"}],"wp:term":[{"taxonomy":"category","embeddable":true,"href":"https:\/\/www.arbesovka.cz\/cs\/wp-json\/wp\/v2\/categories?post=4113"},{"taxonomy":"post_tag","embeddable":true,"href":"https:\/\/www.arbesovka.cz\/cs\/wp-json\/wp\/v2\/tags?post=4113"}],"curies":[{"name":"wp","href":"https:\/\/api.w.org\/{rel}","templated":true}]}}